{"id":55056,"date":"2019-05-31T00:00:00","date_gmt":"2019-05-30T22:00:00","guid":{"rendered":"https:\/\/secoli.com\/o-mittelmoda-fashion-award-esta-de-volta\/"},"modified":"2019-05-31T00:00:00","modified_gmt":"2019-05-30T22:00:00","slug":"o-mittelmoda-fashion-award-esta-de-volta","status":"publish","type":"post","link":"https:\/\/secoli.com\/pt-br\/o-mittelmoda-fashion-award-esta-de-volta\/","title":{"rendered":"O MITTELMODA FASHION AWARD EST\u00c1 DE VOLTA!"},"content":{"rendered":"<p style=\"text-align: justify;\"><a href=\"https:\/\/mittelmoda.com\/news\/finalists-26th-edition\"><strong>Os finalistas j\u00e1 foram selecionados<\/strong><\/a>, as cole\u00e7\u00f5es c\u00e1psula tamb\u00e9m: <strong>est\u00e1 tudo pronto para a <a href=\"https:\/\/mittelmoda.com\/fashion-award\">26\u00aa edi\u00e7\u00e3o do Mittelmoda Fashion Award 2019<\/a><\/strong>, um concurso de moda de alcance internacional!<\/p>\n<p style=\"text-align: justify;\"><strong>O encontro com as cole\u00e7\u00f5es assinadas pelos novos talentos da moda est\u00e1 programado para segunda-feira, 16 de setembro, no Rho Fiera Milano, por ocasi\u00e3o do sal\u00e3o<\/strong> internacional do setor cal\u00e7adista <strong><a href=\"https:\/\/www.themicam.com\/micammain\/doc.html?id=21308\">MICAM<\/a><\/strong>.<\/p>\n<p style=\"text-align: justify;\"><strong>Entre os finalistas, est\u00e1 tamb\u00e9m a nossa jovem designer graduada Antonella Prato com sua cole\u00e7\u00e3o c\u00e1psula &#8220;Dicotomia&#8221;<\/strong>, uma cole\u00e7\u00e3o baseada no conceito de &#8220;Black and White Thinking&#8221;. Com Dicotomia, Antonella pretende dar personalidade \u00e0s pe\u00e7as baseando-se justamente nessa atitude que reduz o caos real, restabelecendo a ordem por meio de esquemas prefixados que excluem a quantidade de escolhas dispon\u00edveis. O dicot\u00f4mico vive em um mundo preto e branco, feito de fronteiras marcadas e v\u00ednculos f\u00e9rreos, n\u00e3o contempla nuances, buscando obsessivamente um mundo feito de perfei\u00e7\u00e3o.  <\/p>\n<p style=\"text-align: justify;\"><strong>Parab\u00e9ns, Antonella, e boa sorte de toda a equipe Secoli!<\/strong><\/p>\n","protected":false},"excerpt":{"rendered":"<p>Os finalistas j\u00e1 foram selecionados, as cole\u00e7\u00f5es c\u00e1psula tamb\u00e9m: est\u00e1 tudo pronto para a 26\u00aa edi\u00e7\u00e3o do Mittelmoda Fashion Award 2019, um concurso de moda de alcance internacional! O encontro com as cole\u00e7\u00f5es assinadas pelos novos talentos da moda est\u00e1 programado para segunda-feira, 16 de setembro, no Rho Fiera Milano, por ocasi\u00e3o do sal\u00e3o internacional [&hellip;]<\/p>\n","protected":false},"author":2,"featured_media":0,"comment_status":"closed","ping_status":"closed","sticky":false,"template":"","format":"standard","meta":{"_acf_changed":false,"inline_featured_image":false,"footnotes":""},"categories":[97],"tags":[],"class_list":["post-55056","post","type-post","status-publish","format-standard","hentry","category-sem-categoria"],"acf":[],"_links":{"self":[{"href":"https:\/\/secoli.com\/pt-br\/wp-json\/wp\/v2\/posts\/55056","targetHints":{"allow":["GET"]}}],"collection":[{"href":"https:\/\/secoli.com\/pt-br\/wp-json\/wp\/v2\/posts"}],"about":[{"href":"https:\/\/secoli.com\/pt-br\/wp-json\/wp\/v2\/types\/post"}],"author":[{"embeddable":true,"href":"https:\/\/secoli.com\/pt-br\/wp-json\/wp\/v2\/users\/2"}],"replies":[{"embeddable":true,"href":"https:\/\/secoli.com\/pt-br\/wp-json\/wp\/v2\/comments?post=55056"}],"version-history":[{"count":0,"href":"https:\/\/secoli.com\/pt-br\/wp-json\/wp\/v2\/posts\/55056\/revisions"}],"wp:attachment":[{"href":"https:\/\/secoli.com\/pt-br\/wp-json\/wp\/v2\/media?parent=55056"}],"wp:term":[{"taxonomy":"category","embeddable":true,"href":"https:\/\/secoli.com\/pt-br\/wp-json\/wp\/v2\/categories?post=55056"},{"taxonomy":"post_tag","embeddable":true,"href":"https:\/\/secoli.com\/pt-br\/wp-json\/wp\/v2\/tags?post=55056"}],"curies":[{"name":"wp","href":"https:\/\/api.w.org\/{rel}","templated":true}]}}