{"id":55016,"date":"2019-02-07T00:00:00","date_gmt":"2019-02-06T23:00:00","guid":{"rendered":"https:\/\/secoli.com\/esperamos-por-voce-no-salone-dello-studente-em-napoles-nos-dias-6-e-7-de-marco\/"},"modified":"2019-02-07T00:00:00","modified_gmt":"2019-02-06T23:00:00","slug":"esperamos-por-voce-no-salone-dello-studente-em-napoles-nos-dias-6-e-7-de-marco","status":"publish","type":"post","link":"https:\/\/secoli.com\/pt-br\/esperamos-por-voce-no-salone-dello-studente-em-napoles-nos-dias-6-e-7-de-marco\/","title":{"rendered":"ESPERAMOS POR VOC\u00ca NO SALONE DELLO STUDENTE EM N\u00c1POLES NOS DIAS 6 E 7 DE MAR\u00c7O!"},"content":{"rendered":"<p>O <strong>calend\u00e1rio de FEIRAS 2019<\/strong> recome\u00e7a no m\u00eas de mar\u00e7o!<\/p>\n<p>Primeiro compromisso: o <a href=\"http:\/\/www.salonedellostudente.it\/salone-di-napoli-2019\/\"><strong>Salone dello Studente de N\u00e1poles, 6 e 7 de mar\u00e7o<\/strong><\/a>!<\/p>\n<p>Voc\u00ea poder\u00e1 entrar em contato com <strong>o mundo do Istituto Secoli<\/strong> e descobrir todos os nossos <strong>cursos na \u00e1rea da moda<\/strong>!<\/p>\n<p>&nbsp;<\/p>\n<p>N\u00e3o falte, esperamos por voc\u00ea!<\/p>\n<p>&nbsp;<\/p>\n<p><strong>#istitutosecoli<\/strong><\/p>\n<p><strong>#theschoolofmakingfashion<\/strong><\/p>\n<p>&nbsp;<\/p>\n","protected":false},"excerpt":{"rendered":"<p>O calend\u00e1rio de FEIRAS 2019 recome\u00e7a no m\u00eas de mar\u00e7o! Primeiro compromisso: o Salone dello Studente de N\u00e1poles, 6 e 7 de mar\u00e7o! Voc\u00ea poder\u00e1 entrar em contato com o mundo do Istituto Secoli e descobrir todos os nossos cursos na \u00e1rea da moda! &nbsp; N\u00e3o falte, esperamos por voc\u00ea! &nbsp; #istitutosecoli #theschoolofmakingfashion &nbsp;<\/p>\n","protected":false},"author":2,"featured_media":0,"comment_status":"closed","ping_status":"closed","sticky":false,"template":"","format":"standard","meta":{"_acf_changed":false,"inline_featured_image":false,"footnotes":""},"categories":[97],"tags":[],"class_list":["post-55016","post","type-post","status-publish","format-standard","hentry","category-sem-categoria"],"acf":[],"_links":{"self":[{"href":"https:\/\/secoli.com\/pt-br\/wp-json\/wp\/v2\/posts\/55016","targetHints":{"allow":["GET"]}}],"collection":[{"href":"https:\/\/secoli.com\/pt-br\/wp-json\/wp\/v2\/posts"}],"about":[{"href":"https:\/\/secoli.com\/pt-br\/wp-json\/wp\/v2\/types\/post"}],"author":[{"embeddable":true,"href":"https:\/\/secoli.com\/pt-br\/wp-json\/wp\/v2\/users\/2"}],"replies":[{"embeddable":true,"href":"https:\/\/secoli.com\/pt-br\/wp-json\/wp\/v2\/comments?post=55016"}],"version-history":[{"count":0,"href":"https:\/\/secoli.com\/pt-br\/wp-json\/wp\/v2\/posts\/55016\/revisions"}],"wp:attachment":[{"href":"https:\/\/secoli.com\/pt-br\/wp-json\/wp\/v2\/media?parent=55016"}],"wp:term":[{"taxonomy":"category","embeddable":true,"href":"https:\/\/secoli.com\/pt-br\/wp-json\/wp\/v2\/categories?post=55016"},{"taxonomy":"post_tag","embeddable":true,"href":"https:\/\/secoli.com\/pt-br\/wp-json\/wp\/v2\/tags?post=55016"}],"curies":[{"name":"wp","href":"https:\/\/api.w.org\/{rel}","templated":true}]}}