{"id":54860,"date":"2018-04-06T00:00:00","date_gmt":"2018-04-05T22:00:00","guid":{"rendered":"https:\/\/secoli.com\/em-maio-retorna-o-encontro-com-os-open-days\/"},"modified":"2018-04-06T00:00:00","modified_gmt":"2018-04-05T22:00:00","slug":"em-maio-retorna-o-encontro-com-os-open-days","status":"publish","type":"post","link":"https:\/\/secoli.com\/pt-br\/em-maio-retorna-o-encontro-com-os-open-days\/","title":{"rendered":"EM MAIO RETORNA O ENCONTRO COM OS OPEN DAYS!"},"content":{"rendered":"<p>Se a moda sempre foi sua paix\u00e3o e voc\u00ea deseja trilhar um caminho profissional que o leve a se tornar um verdadeiro protagonista do fashion system, n\u00e3o perca os pr\u00f3ximos <strong>Open Days<\/strong> do Istituto Secoli programados para os dias <strong>3, 4 e 5 de maio<\/strong>. <br \/>O encontro ser\u00e1 em nossa sede em Mil\u00e3o, na Viale Vittorio Veneto 18\/A, das <strong>15h \u00e0s 18h na quinta e na sexta-feira<\/strong> e das <strong>9h30 \u00e0s 13h no s\u00e1bado<\/strong>. Trata-se de uma oportunidade imperd\u00edvel para: participar de ATIVIDADES e AULAS de ORIENTA\u00c7\u00c3O ministradas por professores e profissionais que atuam no setor; _ conhecer a OFERTA FORMATIVA completa proposta pelo Instituto; _ tornar-se um \u201cALUNO SECOLI\u201d por um dia, visitando as salas de aula e os laborat\u00f3rios da escola; _ conhecer as atuais OPORTUNIDADES PROFISSIONAIS do setor; _ realizar ENTREVISTAS INDIVIDUAIS de orienta\u00e7\u00e3o para coletar material informativo e receber conselhos sobre o percurso mais adequado \u00e0s suas compet\u00eancias e necessidades.  <\/p>\n<p>A participa\u00e7\u00e3o \u00e9 gratuita e as vagas s\u00e3o limitadas. <a href=\"\/open-day.php\">Reserve aqui sua participa\u00e7\u00e3o<\/a> ou escreva para&nbsp;<a title=\"mailto:info@secoli.com\" href=\"mailto:info@secoli.com\" target=\"_blank\" rel=\"noreferrer\">info@secoli.com<\/a> para saber mais!&nbsp;<\/p>\n","protected":false},"excerpt":{"rendered":"<p>Se a moda sempre foi sua paix\u00e3o e voc\u00ea deseja trilhar um caminho profissional que o leve a se tornar um verdadeiro protagonista do fashion system, n\u00e3o perca os pr\u00f3ximos Open Days do Istituto Secoli programados para os dias 3, 4 e 5 de maio. O encontro ser\u00e1 em nossa sede em Mil\u00e3o, na Viale [&hellip;]<\/p>\n","protected":false},"author":2,"featured_media":0,"comment_status":"closed","ping_status":"closed","sticky":false,"template":"","format":"standard","meta":{"_acf_changed":false,"inline_featured_image":false,"footnotes":""},"categories":[97],"tags":[],"class_list":["post-54860","post","type-post","status-publish","format-standard","hentry","category-sem-categoria"],"acf":[],"_links":{"self":[{"href":"https:\/\/secoli.com\/pt-br\/wp-json\/wp\/v2\/posts\/54860","targetHints":{"allow":["GET"]}}],"collection":[{"href":"https:\/\/secoli.com\/pt-br\/wp-json\/wp\/v2\/posts"}],"about":[{"href":"https:\/\/secoli.com\/pt-br\/wp-json\/wp\/v2\/types\/post"}],"author":[{"embeddable":true,"href":"https:\/\/secoli.com\/pt-br\/wp-json\/wp\/v2\/users\/2"}],"replies":[{"embeddable":true,"href":"https:\/\/secoli.com\/pt-br\/wp-json\/wp\/v2\/comments?post=54860"}],"version-history":[{"count":0,"href":"https:\/\/secoli.com\/pt-br\/wp-json\/wp\/v2\/posts\/54860\/revisions"}],"wp:attachment":[{"href":"https:\/\/secoli.com\/pt-br\/wp-json\/wp\/v2\/media?parent=54860"}],"wp:term":[{"taxonomy":"category","embeddable":true,"href":"https:\/\/secoli.com\/pt-br\/wp-json\/wp\/v2\/categories?post=54860"},{"taxonomy":"post_tag","embeddable":true,"href":"https:\/\/secoli.com\/pt-br\/wp-json\/wp\/v2\/tags?post=54860"}],"curies":[{"name":"wp","href":"https:\/\/api.w.org\/{rel}","templated":true}]}}