{"id":55011,"date":"2019-02-08T00:00:00","date_gmt":"2019-02-07T23:00:00","guid":{"rendered":"https:\/\/secoli.com\/milano-unica-2019-las-colecciones-capsula-del-istituto-secoli\/"},"modified":"2019-02-08T00:00:00","modified_gmt":"2019-02-07T23:00:00","slug":"milano-unica-2019-las-colecciones-capsula-del-istituto-secoli","status":"publish","type":"post","link":"https:\/\/secoli.com\/es\/milano-unica-2019-las-colecciones-capsula-del-istituto-secoli\/","title":{"rendered":"MILANO UNICA 2019: LAS COLECCIONES C\u00c1PSULA DEL ISTITUTO SECOLI"},"content":{"rendered":"<p><strong>\u00a1Ha finalizado Milano Unica!<\/strong><\/p>\n<p>Nueva cita este a\u00f1o con <strong>EYES ON ME<\/strong>, un espacio concebido para apoyar a los talentos emergentes y sus creaciones.<\/p>\n<p>El <strong>Istituto Secoli<\/strong> ha participado en la feria con las <strong>dos colecciones c\u00e1psula firmadas<\/strong> por las j\u00f3venes dise\u00f1adoras de moda del instituto <strong>Greta Moroni<\/strong> y <strong>Enrica De Santis<\/strong>; <a href=\"https:\/\/www.flickr.com\/photos\/secoli\/\"><strong>\u00a1descubra los conjuntos en la galer\u00eda de Flickr!<\/strong> <\/a> <\/p>\n","protected":false},"excerpt":{"rendered":"<p>\u00a1Ha finalizado Milano Unica! Nueva cita este a\u00f1o con EYES ON ME, un espacio concebido para apoyar a los talentos emergentes y sus creaciones. El Istituto Secoli ha participado en la feria con las dos colecciones c\u00e1psula firmadas por las j\u00f3venes dise\u00f1adoras de moda del instituto Greta Moroni y Enrica De Santis; \u00a1descubra los conjuntos [&hellip;]<\/p>\n","protected":false},"author":2,"featured_media":0,"comment_status":"closed","ping_status":"closed","sticky":false,"template":"","format":"standard","meta":{"_acf_changed":false,"inline_featured_image":false,"footnotes":""},"categories":[92],"tags":[],"class_list":["post-55011","post","type-post","status-publish","format-standard","hentry","category-sin-categoria"],"acf":[],"_links":{"self":[{"href":"https:\/\/secoli.com\/es\/wp-json\/wp\/v2\/posts\/55011","targetHints":{"allow":["GET"]}}],"collection":[{"href":"https:\/\/secoli.com\/es\/wp-json\/wp\/v2\/posts"}],"about":[{"href":"https:\/\/secoli.com\/es\/wp-json\/wp\/v2\/types\/post"}],"author":[{"embeddable":true,"href":"https:\/\/secoli.com\/es\/wp-json\/wp\/v2\/users\/2"}],"replies":[{"embeddable":true,"href":"https:\/\/secoli.com\/es\/wp-json\/wp\/v2\/comments?post=55011"}],"version-history":[{"count":0,"href":"https:\/\/secoli.com\/es\/wp-json\/wp\/v2\/posts\/55011\/revisions"}],"wp:attachment":[{"href":"https:\/\/secoli.com\/es\/wp-json\/wp\/v2\/media?parent=55011"}],"wp:term":[{"taxonomy":"category","embeddable":true,"href":"https:\/\/secoli.com\/es\/wp-json\/wp\/v2\/categories?post=55011"},{"taxonomy":"post_tag","embeddable":true,"href":"https:\/\/secoli.com\/es\/wp-json\/wp\/v2\/tags?post=55011"}],"curies":[{"name":"wp","href":"https:\/\/api.w.org\/{rel}","templated":true}]}}